{"id":949,"date":"2026-08-30T13:51:54","date_gmt":"2026-08-30T12:51:54","guid":{"rendered":"https:\/\/emsphilharmonie.de\/?p=949"},"modified":"2026-08-30T13:51:54","modified_gmt":"2026-08-30T12:51:54","slug":"wir-sind-nominiert","status":"publish","type":"post","link":"https:\/\/emsphilharmonie.de\/?p=949","title":{"rendered":"Wir sind nominiert!!"},"content":{"rendered":"<p>Im Nachklang zum Lingener Kulturpreis aus dem letzten Jahr erreichte uns die Nominierung zum &#8222;Deutscher Engagementpreis 2026&#8220;. Wir f\u00fchlen uns maximal geehrt, best\u00e4rkt und gesehen in unserem Bestreben, Kultur nach Hause zu bringen. Dar\u00fcber freuen wir uns m\u00e4chtig und danken allen, die da ihre Finger im Spiel haben. Vor allem aber danken wir unseren zahlreichen G\u00e4sten.<\/p>\n","protected":false},"excerpt":{"rendered":"<p>Im Nachklang zum Lingener Kulturpreis aus dem letzten Jahr erreichte uns die Nominierung zum &#8222;Deutscher Engagementpreis 2026&#8220;. Wir f\u00fchlen uns maximal geehrt, best\u00e4rkt und gesehen in unserem Bestreben, Kultur nach Hause zu bringen. Dar\u00fcber freuen wir uns m\u00e4chtig und danken allen, die da ihre Finger im Spiel haben. Vor allem aber danken wir unseren zahlreichen &hellip; <a href=\"https:\/\/emsphilharmonie.de\/?p=949\" class=\"more-link\"><span class=\"screen-reader-text\">Wir sind nominiert!!<\/span> weiterlesen<\/a><\/p>\n","protected":false},"author":1,"featured_media":950,"comment_status":"open","ping_status":"open","sticky":false,"template":"","format":"standard","meta":{"footnotes":""},"categories":[1],"tags":[],"class_list":["post-949","post","type-post","status-publish","format-standard","has-post-thumbnail","hentry","category-klaviermusik"],"_links":{"self":[{"href":"https:\/\/emsphilharmonie.de\/index.php?rest_route=\/wp\/v2\/posts\/949","targetHints":{"allow":["GET"]}}],"collection":[{"href":"https:\/\/emsphilharmonie.de\/index.php?rest_route=\/wp\/v2\/posts"}],"about":[{"href":"https:\/\/emsphilharmonie.de\/index.php?rest_route=\/wp\/v2\/types\/post"}],"author":[{"embeddable":true,"href":"https:\/\/emsphilharmonie.de\/index.php?rest_route=\/wp\/v2\/users\/1"}],"replies":[{"embeddable":true,"href":"https:\/\/emsphilharmonie.de\/index.php?rest_route=%2Fwp%2Fv2%2Fcomments&post=949"}],"version-history":[{"count":1,"href":"https:\/\/emsphilharmonie.de\/index.php?rest_route=\/wp\/v2\/posts\/949\/revisions"}],"predecessor-version":[{"id":951,"href":"https:\/\/emsphilharmonie.de\/index.php?rest_route=\/wp\/v2\/posts\/949\/revisions\/951"}],"wp:featuredmedia":[{"embeddable":true,"href":"https:\/\/emsphilharmonie.de\/index.php?rest_route=\/wp\/v2\/media\/950"}],"wp:attachment":[{"href":"https:\/\/emsphilharmonie.de\/index.php?rest_route=%2Fwp%2Fv2%2Fmedia&parent=949"}],"wp:term":[{"taxonomy":"category","embeddable":true,"href":"https:\/\/emsphilharmonie.de\/index.php?rest_route=%2Fwp%2Fv2%2Fcategories&post=949"},{"taxonomy":"post_tag","embeddable":true,"href":"https:\/\/emsphilharmonie.de\/index.php?rest_route=%2Fwp%2Fv2%2Ftags&post=949"}],"curies":[{"name":"wp","href":"https:\/\/api.w.org\/{rel}","templated":true}]}}