{"id":826,"date":"2025-12-08T12:31:32","date_gmt":"2025-12-08T11:31:32","guid":{"rendered":"https:\/\/emsphilharmonie.de\/?p=826"},"modified":"2025-12-08T12:39:42","modified_gmt":"2025-12-08T11:39:42","slug":"20-12-2025-weihnachtszauber","status":"publish","type":"post","link":"https:\/\/emsphilharmonie.de\/?p=826","title":{"rendered":"20.12.2025, 19 Uhr &#8211; Weihnachtszauber"},"content":{"rendered":"<p>Klavierabend mit Lydia Maria Bader<br \/>\n&#8222;Weihnachtsmusik ist wie ein Zauber, der die Welt in ein festliches Licht taucht.\u201c<br \/>\nPianistin Lydia Maria Bader entf\u00fchrt Sie in die zauberhafte Advents- und Weihnachtszeit. Eine Mischung aus beliebten Weihnachts-Klassikern wie Mozarts Variationen \u00fcber \u201eAh, vous dirai-je, Maman\u201c, der unsterblichen Titelmelodie aus dem Film \u201eDrei Haseln\u00fcsse f\u00fcr Aschenbr\u00f6del\u201c und besonders sch\u00f6nen Fantasien \u00fcber klassische Weihnachtslieder verspricht ein festliches und stimmungsvolles Konzert, das die Magie von Weihnachten in jedem Ton einf\u00e4ngt.<\/p>\n","protected":false},"excerpt":{"rendered":"<p>Klavierabend mit Lydia Maria Bader &#8222;Weihnachtsmusik ist wie ein Zauber, der die Welt in ein festliches Licht taucht.\u201c Pianistin Lydia Maria Bader entf\u00fchrt Sie in die zauberhafte Advents- und Weihnachtszeit. Eine Mischung aus beliebten Weihnachts-Klassikern wie Mozarts Variationen \u00fcber \u201eAh, vous dirai-je, Maman\u201c, der unsterblichen Titelmelodie aus dem Film \u201eDrei Haseln\u00fcsse f\u00fcr Aschenbr\u00f6del\u201c und besonders &hellip; <a href=\"https:\/\/emsphilharmonie.de\/?p=826\" class=\"more-link\"><span class=\"screen-reader-text\">20.12.2025, 19 Uhr &#8211; Weihnachtszauber<\/span> weiterlesen<\/a><\/p>\n","protected":false},"author":1,"featured_media":831,"comment_status":"open","ping_status":"open","sticky":false,"template":"","format":"standard","meta":{"footnotes":""},"categories":[1],"tags":[],"class_list":["post-826","post","type-post","status-publish","format-standard","has-post-thumbnail","hentry","category-klaviermusik"],"_links":{"self":[{"href":"https:\/\/emsphilharmonie.de\/index.php?rest_route=\/wp\/v2\/posts\/826","targetHints":{"allow":["GET"]}}],"collection":[{"href":"https:\/\/emsphilharmonie.de\/index.php?rest_route=\/wp\/v2\/posts"}],"about":[{"href":"https:\/\/emsphilharmonie.de\/index.php?rest_route=\/wp\/v2\/types\/post"}],"author":[{"embeddable":true,"href":"https:\/\/emsphilharmonie.de\/index.php?rest_route=\/wp\/v2\/users\/1"}],"replies":[{"embeddable":true,"href":"https:\/\/emsphilharmonie.de\/index.php?rest_route=%2Fwp%2Fv2%2Fcomments&post=826"}],"version-history":[{"count":2,"href":"https:\/\/emsphilharmonie.de\/index.php?rest_route=\/wp\/v2\/posts\/826\/revisions"}],"predecessor-version":[{"id":832,"href":"https:\/\/emsphilharmonie.de\/index.php?rest_route=\/wp\/v2\/posts\/826\/revisions\/832"}],"wp:featuredmedia":[{"embeddable":true,"href":"https:\/\/emsphilharmonie.de\/index.php?rest_route=\/wp\/v2\/media\/831"}],"wp:attachment":[{"href":"https:\/\/emsphilharmonie.de\/index.php?rest_route=%2Fwp%2Fv2%2Fmedia&parent=826"}],"wp:term":[{"taxonomy":"category","embeddable":true,"href":"https:\/\/emsphilharmonie.de\/index.php?rest_route=%2Fwp%2Fv2%2Fcategories&post=826"},{"taxonomy":"post_tag","embeddable":true,"href":"https:\/\/emsphilharmonie.de\/index.php?rest_route=%2Fwp%2Fv2%2Ftags&post=826"}],"curies":[{"name":"wp","href":"https:\/\/api.w.org\/{rel}","templated":true}]}}