{"id":108,"date":"2018-11-15T23:53:42","date_gmt":"2018-11-15T22:53:42","guid":{"rendered":"http:\/\/emsphilharmonie.de\/?p=108"},"modified":"2018-11-15T23:53:42","modified_gmt":"2018-11-15T22:53:42","slug":"aus-dem-meppener-el-kurier-vom-mittwoch","status":"publish","type":"post","link":"https:\/\/emsphilharmonie.de\/?p=108","title":{"rendered":"aus dem Meppener EL-Kurier vom Mittwoch:"},"content":{"rendered":"\n<figure class=\"wp-block-image\"><img loading=\"lazy\" decoding=\"async\" width=\"1024\" height=\"1007\" src=\"https:\/\/emsphilharmonie.de\/wp-content\/uploads\/2018\/11\/Anmerkung-2018-11-15-234859-1024x1007.jpg\" alt=\"\" class=\"wp-image-109\" srcset=\"https:\/\/emsphilharmonie.de\/wp-content\/uploads\/2018\/11\/Anmerkung-2018-11-15-234859-1024x1007.jpg 1024w, https:\/\/emsphilharmonie.de\/wp-content\/uploads\/2018\/11\/Anmerkung-2018-11-15-234859-300x295.jpg 300w, https:\/\/emsphilharmonie.de\/wp-content\/uploads\/2018\/11\/Anmerkung-2018-11-15-234859-768x755.jpg 768w, https:\/\/emsphilharmonie.de\/wp-content\/uploads\/2018\/11\/Anmerkung-2018-11-15-234859-700x688.jpg 700w, https:\/\/emsphilharmonie.de\/wp-content\/uploads\/2018\/11\/Anmerkung-2018-11-15-234859-407x400.jpg 407w, https:\/\/emsphilharmonie.de\/wp-content\/uploads\/2018\/11\/Anmerkung-2018-11-15-234859.jpg 1186w\" sizes=\"auto, (max-width: 1024px) 100vw, 1024px\" \/><\/figure>\n\n\n\n<h2 class=\"wp-block-heading\">Stefanie L\u00f6ning und Lars J\u00f6nsson spielen morgen (Freitag) zusammen vierh\u00e4ndig im <a href=\"http:\/\/www.dausin.de\/\">Klavierhaus Dausin<\/a> in Meppen!!!<\/h2>\n","protected":false},"excerpt":{"rendered":"<p>Stefanie L\u00f6ning und Lars J\u00f6nsson spielen morgen (Freitag) zusammen vierh\u00e4ndig im Klavierhaus Dausin in Meppen!!!<\/p>\n","protected":false},"author":1,"featured_media":0,"comment_status":"open","ping_status":"open","sticky":false,"template":"","format":"standard","meta":{"footnotes":""},"categories":[1],"tags":[],"class_list":["post-108","post","type-post","status-publish","format-standard","hentry","category-klaviermusik"],"_links":{"self":[{"href":"https:\/\/emsphilharmonie.de\/index.php?rest_route=\/wp\/v2\/posts\/108","targetHints":{"allow":["GET"]}}],"collection":[{"href":"https:\/\/emsphilharmonie.de\/index.php?rest_route=\/wp\/v2\/posts"}],"about":[{"href":"https:\/\/emsphilharmonie.de\/index.php?rest_route=\/wp\/v2\/types\/post"}],"author":[{"embeddable":true,"href":"https:\/\/emsphilharmonie.de\/index.php?rest_route=\/wp\/v2\/users\/1"}],"replies":[{"embeddable":true,"href":"https:\/\/emsphilharmonie.de\/index.php?rest_route=%2Fwp%2Fv2%2Fcomments&post=108"}],"version-history":[{"count":1,"href":"https:\/\/emsphilharmonie.de\/index.php?rest_route=\/wp\/v2\/posts\/108\/revisions"}],"predecessor-version":[{"id":110,"href":"https:\/\/emsphilharmonie.de\/index.php?rest_route=\/wp\/v2\/posts\/108\/revisions\/110"}],"wp:attachment":[{"href":"https:\/\/emsphilharmonie.de\/index.php?rest_route=%2Fwp%2Fv2%2Fmedia&parent=108"}],"wp:term":[{"taxonomy":"category","embeddable":true,"href":"https:\/\/emsphilharmonie.de\/index.php?rest_route=%2Fwp%2Fv2%2Fcategories&post=108"},{"taxonomy":"post_tag","embeddable":true,"href":"https:\/\/emsphilharmonie.de\/index.php?rest_route=%2Fwp%2Fv2%2Ftags&post=108"}],"curies":[{"name":"wp","href":"https:\/\/api.w.org\/{rel}","templated":true}]}}